{"id":7318,"date":"2025-07-27T13:21:55","date_gmt":"2025-07-27T11:21:55","guid":{"rendered":"https:\/\/www.dana-avocats.fr\/?p=7318"},"modified":"2025-07-27T13:46:41","modified_gmt":"2025-07-27T11:46:41","slug":"prets-en-francs-suisses-la-justice-francaise-donne-raison-aux-frontaliers-20-minutes","status":"publish","type":"post","link":"https:\/\/www.dana-avocats.fr\/en\/prets-en-francs-suisses-la-justice-francaise-donne-raison-aux-frontaliers-20-minutes\/","title":{"rendered":"Pr\u00eats en francs suisses: la justice fran\u00e7aise donne raison aux frontaliers &#8211; 20 minutes &#8211; 22 juillet 2025"},"content":{"rendered":"<div data-elementor-type=\"wp-post\" data-elementor-id=\"7318\" class=\"elementor elementor-7318\" data-elementor-settings=\"{&quot;ha_cmc_init_switcher&quot;:&quot;no&quot;}\">\n\t\t\t\t\t\t<section class=\"elementor-section elementor-top-section elementor-element elementor-element-f85a2a6 elementor-section-boxed elementor-section-height-default elementor-section-height-default\" data-id=\"f85a2a6\" data-element_type=\"section\" data-e-type=\"section\" data-settings=\"{&quot;_ha_eqh_enable&quot;:false}\">\n\t\t\t\t\t\t<div class=\"elementor-container elementor-column-gap-default\">\n\t\t\t\t\t<div class=\"elementor-column elementor-col-100 elementor-top-column elementor-element elementor-element-623571e0\" data-id=\"623571e0\" data-element_type=\"column\" data-e-type=\"column\">\n\t\t\t<div class=\"elementor-widget-wrap elementor-element-populated\">\n\t\t\t\t\t\t<div class=\"elementor-element elementor-element-6d5df7ea elementor-widget elementor-widget-text-editor\" data-id=\"6d5df7ea\" data-element_type=\"widget\" data-e-type=\"widget\" data-widget_type=\"text-editor.default\">\n\t\t\t\t<div class=\"elementor-widget-container\">\n\t\t\t\t\t\t\t\t\t\n<p><a href=\"https:\/\/www.20min.ch\/fr\/story\/france-voisine-prets-immobiliers-a-risque-les-frontaliers-vont-se-refaire-103386162\">Pr\u00eats en francs suisses: la justice fran\u00e7aise donne raison aux frontaliers &#8211; 20 minutes<\/a><\/p>\n\n<p><strong>La plus haute Cour du pays admet que des pr\u00eats en francs suisses ont l\u00e9s\u00e9 des propri\u00e9taires. Ceux-ci ont d\u00e9sormais toutes les chances de r\u00e9cup\u00e9rer un pactole<\/strong>.<\/p>\n\n<figure class=\"wp-block-image is-resized\"><a class=\"sc-b1f21c84-2 egfiIF\" href=\"https:\/\/www.20min.ch\/fr\/auteurs\/71956806\/jerome-faas\"><img decoding=\"async\" style=\"width: 90px; height: auto;\" src=\"https:\/\/media.20min.ch\/7\/image\/2025\/01\/06\/e55c0ef9-a8e1-49d2-81f8-dbbfed305847.jpeg?auto=format%2Ccompress%2Cenhance&amp;fit=crop&amp;w=400&amp;h=400&amp;rect=0%2C0%2C2020%2C2020&amp;crop=faces&amp;s=dc5149708351bafcc5ea8cff8a8e08bc\" alt=\"J\u00e9r\u00f4me Faas\" \/><\/a><\/figure>\n\n<p>par<\/p>\n\n<p><a href=\"https:\/\/www.20min.ch\/fr\/auteurs\/71956806\/jerome-faas\">J\u00e9r\u00f4me Faas<\/a><\/p>\n\n<p>\u00a0<\/p>\n\n<figure class=\"wp-block-image\"><img decoding=\"async\" title=\"Les frontaliers qui ont emprunt\u00e9 en francs suisses pour acheter une maison en France avant la crise de l\u2019euro sont principalement concern\u00e9s.\" src=\"https:\/\/image.20min.ch\/2025\/07\/22\/957fd2c0-1f79-4f03-914d-39df2caca699.jpg?auto=format%2Ccompress%2Cenhance&amp;fit=max&amp;w=1200&amp;h=1200&amp;rect=0%2C0%2C1738%2C1022&amp;s=4835edb05b8aded3929103be5f9b184a\" alt=\"Les frontaliers qui ont emprunt\u00e9 en francs suisses pour acheter une maison en France avant la crise de l\u2019euro sont principalement concern\u00e9s.\" \/>\n<figcaption class=\"wp-element-caption\">Les frontaliers qui ont emprunt\u00e9 en francs suisses pour acheter une maison en France avant la crise de l\u2019euro sont principalement concern\u00e9s.TDG &#8211; L. Fortunati<\/figcaption>\n<\/figure>\n\n<p>Extraits<\/p>\n\n<p>La possibilit\u00e9 de r\u00e9cup\u00e9rer un pactole se rapproche pour les frontaliers ayant acquis leur maison gr\u00e2ce \u00e0 un emprunt en francs suisses avant 2010*, c&rsquo;est-\u00e0-dire avant la crise de l&rsquo;euro. Entre janvier et juin,\u00a0<a href=\"https:\/\/www.20min.ch\/fr\/story\/france-voisine-immobilier-certains-frontaliers-en-passe-d-obtenir-un-pactole-103331088\">plusieurs d\u00e9cisions de la justice fran\u00e7aise<\/a>\u00a0avaient conclu que certains d&rsquo;entre eux avaient \u00e9t\u00e9 expos\u00e9s \u00e0 un risque de change sans jamais avoir \u00e9t\u00e9 inform\u00e9s par leur banque. Cons\u00e9quence: \u00e0 d\u00e9faut d&rsquo;information, le pr\u00eat est annul\u00e9, et la banque doit rembourser le trop per\u00e7u au propri\u00e9taire, les int\u00e9r\u00eats et les frais. Une somme qui peut all\u00e8grement atteindre les 200&rsquo;000 euros.<\/p>\n\n<p>Le 9 juillet, la plus haute juridiction fran\u00e7aise, la Cour de cassation (l&rsquo;\u00e9quivalent du Tribunal f\u00e9d\u00e9ral en Suisse) a confirm\u00e9 cette lecture \u2014 qui devient donc une jurisprudence, soit une norme s&rsquo;appliquant \u00e0 tous les tribunaux. Cette d\u00e9cision augmente tr\u00e8s fortement les chances de succ\u00e8s des emprunteurs d\u00e9sireux de saisir la justice.<\/p>\n\n<p>\u00a0<\/p>\n\n<h2 class=\"wp-block-heading\">Annulation du pr\u00eat, mode d&#8217;emploi<\/h2>\n\n<p>\u00a0<\/p>\n\n<p>Quand le pr\u00eat est annul\u00e9, l\u2019acheteur reste propri\u00e9taire du bien. Il doit rendre \u00e0 la banque la somme mise \u00e0 sa disposition, soit le montant converti en euros (c\u2019est cela qui est important) \u00e0 la date de la signature. La banque, elle, doit lui rembourser les traites pay\u00e9es, converties en euros au cours du jour de chaque paiement (\u00e9l\u00e9ment essentiel). Si l\u2019emprunteur a vers\u00e9 plus que le capital initial en euros, la banque lui verse le trop-per\u00e7u. Sinon, il r\u00e8gle la diff\u00e9rence. L\u2019annulation du pr\u00eat annule aussi les int\u00e9r\u00eats et les frais. Autrement dit, l\u2019acheteur peut r\u00e9cup\u00e9rer, en plus des fonds perdus en raison des effets de change (qui, on l&rsquo;a vu, peuvent tourner autour des 200&rsquo;000 euros), plusieurs dizaines de milliers d\u2019euros suppl\u00e9mentaires.<\/p>\n\t\t\t\t\t\t\t\t<\/div>\n\t\t\t\t<\/div>\n\t\t\t\t\t<\/div>\n\t\t<\/div>\n\t\t\t\t\t<\/div>\n\t\t<\/section>\n\t\t\t\t<\/div>","protected":false},"excerpt":{"rendered":"<p>Pr\u00eats en francs suisses: la justice fran\u00e7aise donne raison aux frontaliers &#8211; 20 minutes La plus haute Cour du pays admet que des pr\u00eats en francs suisses ont l\u00e9s\u00e9 des propri\u00e9taires. Ceux-ci ont d\u00e9sormais toutes les chances de r\u00e9cup\u00e9rer un pactole. par J\u00e9r\u00f4me Faas \u00a0 Extraits La possibilit\u00e9 de r\u00e9cup\u00e9rer un pactole se rapproche pour &#8230; <a title=\"Pr\u00eats en francs suisses: la justice fran\u00e7aise donne raison aux frontaliers &#8211; 20 minutes &#8211; 22 juillet 2025\" class=\"read-more\" href=\"https:\/\/www.dana-avocats.fr\/en\/prets-en-francs-suisses-la-justice-francaise-donne-raison-aux-frontaliers-20-minutes\/\" aria-label=\"More on Pr\u00eats en francs suisses: la justice fran\u00e7aise donne raison aux frontaliers &#8211; 20 minutes &#8211; 22 juillet 2025\">Read more<\/a><\/p>","protected":false},"author":2,"featured_media":7153,"comment_status":"open","ping_status":"open","sticky":false,"template":"","format":"standard","meta":{"footnotes":""},"categories":[1],"tags":[],"class_list":["post-7318","post","type-post","status-publish","format-standard","has-post-thumbnail","hentry","category-uncategorized"],"yoast_head":"<!-- This site is optimized with the Yoast SEO plugin v27.5 - https:\/\/yoast.com\/product\/yoast-seo-wordpress\/ -->\n<title>Pr\u00eats en francs suisses: la justice fran\u00e7aise donne raison aux frontaliers - 20 minutes - 22 juillet 2025 - DANA Avocats<\/title>\n<meta name=\"robots\" content=\"index, follow, max-snippet:-1, max-image-preview:large, max-video-preview:-1\" \/>\n<link rel=\"canonical\" href=\"https:\/\/www.dana-avocats.fr\/en\/prets-en-francs-suisses-la-justice-francaise-donne-raison-aux-frontaliers-20-minutes\/\" \/>\n<meta property=\"og:locale\" content=\"en_US\" \/>\n<meta property=\"og:type\" content=\"article\" \/>\n<meta property=\"og:title\" content=\"Pr\u00eats en francs suisses: la justice fran\u00e7aise donne raison aux frontaliers - 20 minutes - 22 juillet 2025 - DANA Avocats\" \/>\n<meta property=\"og:description\" content=\"Pr\u00eats en francs suisses: la justice fran\u00e7aise donne raison aux frontaliers &#8211; 20 minutes La plus haute Cour du pays admet que des pr\u00eats en francs suisses ont l\u00e9s\u00e9 des propri\u00e9taires. Ceux-ci ont d\u00e9sormais toutes les chances de r\u00e9cup\u00e9rer un pactole. par J\u00e9r\u00f4me Faas \u00a0 Extraits La possibilit\u00e9 de r\u00e9cup\u00e9rer un pactole se rapproche pour ... Read more\" \/>\n<meta property=\"og:url\" content=\"https:\/\/www.dana-avocats.fr\/en\/prets-en-francs-suisses-la-justice-francaise-donne-raison-aux-frontaliers-20-minutes\/\" \/>\n<meta property=\"og:site_name\" content=\"DANA Avocats\" \/>\n<meta property=\"article:published_time\" content=\"2025-07-27T11:21:55+00:00\" \/>\n<meta property=\"article:modified_time\" content=\"2025-07-27T11:46:41+00:00\" \/>\n<meta property=\"og:image\" content=\"https:\/\/www.dana-avocats.fr\/wp-content\/uploads\/2025\/07\/AdobeStock_492376524-scaled.jpeg\" \/>\n\t<meta property=\"og:image:width\" content=\"2560\" \/>\n\t<meta property=\"og:image:height\" content=\"1129\" \/>\n\t<meta property=\"og:image:type\" content=\"image\/jpeg\" \/>\n<meta name=\"author\" content=\"David Dana\" \/>\n<meta name=\"twitter:card\" content=\"summary_large_image\" \/>\n<meta name=\"twitter:label1\" content=\"Written by\" \/>\n\t<meta name=\"twitter:data1\" content=\"David Dana\" \/>\n\t<meta name=\"twitter:label2\" content=\"Est. reading time\" \/>\n\t<meta name=\"twitter:data2\" content=\"3 minutes\" \/>\n<script type=\"application\/ld+json\" class=\"yoast-schema-graph\">{\"@context\":\"https:\\\/\\\/schema.org\",\"@graph\":[{\"@type\":\"Article\",\"@id\":\"https:\\\/\\\/www.dana-avocats.fr\\\/prets-en-francs-suisses-la-justice-francaise-donne-raison-aux-frontaliers-20-minutes\\\/#article\",\"isPartOf\":{\"@id\":\"https:\\\/\\\/www.dana-avocats.fr\\\/prets-en-francs-suisses-la-justice-francaise-donne-raison-aux-frontaliers-20-minutes\\\/\"},\"author\":{\"name\":\"David Dana\",\"@id\":\"https:\\\/\\\/www.dana-avocats.fr\\\/#\\\/schema\\\/person\\\/b3531e5f1fd9916616fe5d0780d32db3\"},\"headline\":\"Pr\u00eats en francs suisses: la justice fran\u00e7aise donne raison aux frontaliers &#8211; 20 minutes &#8211; 22 juillet 2025\",\"datePublished\":\"2025-07-27T11:21:55+00:00\",\"dateModified\":\"2025-07-27T11:46:41+00:00\",\"mainEntityOfPage\":{\"@id\":\"https:\\\/\\\/www.dana-avocats.fr\\\/prets-en-francs-suisses-la-justice-francaise-donne-raison-aux-frontaliers-20-minutes\\\/\"},\"wordCount\":413,\"commentCount\":0,\"publisher\":{\"@id\":\"https:\\\/\\\/www.dana-avocats.fr\\\/#organization\"},\"image\":{\"@id\":\"https:\\\/\\\/www.dana-avocats.fr\\\/prets-en-francs-suisses-la-justice-francaise-donne-raison-aux-frontaliers-20-minutes\\\/#primaryimage\"},\"thumbnailUrl\":\"https:\\\/\\\/www.dana-avocats.fr\\\/wp-content\\\/uploads\\\/2025\\\/07\\\/AdobeStock_492376524-scaled.jpeg\",\"inLanguage\":\"en-US\",\"potentialAction\":[{\"@type\":\"CommentAction\",\"name\":\"Comment\",\"target\":[\"https:\\\/\\\/www.dana-avocats.fr\\\/prets-en-francs-suisses-la-justice-francaise-donne-raison-aux-frontaliers-20-minutes\\\/#respond\"]}]},{\"@type\":\"WebPage\",\"@id\":\"https:\\\/\\\/www.dana-avocats.fr\\\/prets-en-francs-suisses-la-justice-francaise-donne-raison-aux-frontaliers-20-minutes\\\/\",\"url\":\"https:\\\/\\\/www.dana-avocats.fr\\\/prets-en-francs-suisses-la-justice-francaise-donne-raison-aux-frontaliers-20-minutes\\\/\",\"name\":\"Pr\u00eats en francs suisses: la justice fran\u00e7aise donne raison aux frontaliers - 20 minutes - 22 juillet 2025 - DANA Avocats\",\"isPartOf\":{\"@id\":\"https:\\\/\\\/www.dana-avocats.fr\\\/#website\"},\"primaryImageOfPage\":{\"@id\":\"https:\\\/\\\/www.dana-avocats.fr\\\/prets-en-francs-suisses-la-justice-francaise-donne-raison-aux-frontaliers-20-minutes\\\/#primaryimage\"},\"image\":{\"@id\":\"https:\\\/\\\/www.dana-avocats.fr\\\/prets-en-francs-suisses-la-justice-francaise-donne-raison-aux-frontaliers-20-minutes\\\/#primaryimage\"},\"thumbnailUrl\":\"https:\\\/\\\/www.dana-avocats.fr\\\/wp-content\\\/uploads\\\/2025\\\/07\\\/AdobeStock_492376524-scaled.jpeg\",\"datePublished\":\"2025-07-27T11:21:55+00:00\",\"dateModified\":\"2025-07-27T11:46:41+00:00\",\"breadcrumb\":{\"@id\":\"https:\\\/\\\/www.dana-avocats.fr\\\/prets-en-francs-suisses-la-justice-francaise-donne-raison-aux-frontaliers-20-minutes\\\/#breadcrumb\"},\"inLanguage\":\"en-US\",\"potentialAction\":[{\"@type\":\"ReadAction\",\"target\":[\"https:\\\/\\\/www.dana-avocats.fr\\\/prets-en-francs-suisses-la-justice-francaise-donne-raison-aux-frontaliers-20-minutes\\\/\"]}]},{\"@type\":\"ImageObject\",\"inLanguage\":\"en-US\",\"@id\":\"https:\\\/\\\/www.dana-avocats.fr\\\/prets-en-francs-suisses-la-justice-francaise-donne-raison-aux-frontaliers-20-minutes\\\/#primaryimage\",\"url\":\"https:\\\/\\\/www.dana-avocats.fr\\\/wp-content\\\/uploads\\\/2025\\\/07\\\/AdobeStock_492376524-scaled.jpeg\",\"contentUrl\":\"https:\\\/\\\/www.dana-avocats.fr\\\/wp-content\\\/uploads\\\/2025\\\/07\\\/AdobeStock_492376524-scaled.jpeg\",\"width\":2560,\"height\":1129,\"caption\":\"Newspapers on the wooden table.\"},{\"@type\":\"BreadcrumbList\",\"@id\":\"https:\\\/\\\/www.dana-avocats.fr\\\/prets-en-francs-suisses-la-justice-francaise-donne-raison-aux-frontaliers-20-minutes\\\/#breadcrumb\",\"itemListElement\":[{\"@type\":\"ListItem\",\"position\":1,\"name\":\"Accueil\",\"item\":\"https:\\\/\\\/www.dana-avocats.fr\\\/\"},{\"@type\":\"ListItem\",\"position\":2,\"name\":\"Pr\u00eats en francs suisses: la justice fran\u00e7aise donne raison aux frontaliers &#8211; 20 minutes &#8211; 22 juillet 2025\"}]},{\"@type\":\"WebSite\",\"@id\":\"https:\\\/\\\/www.dana-avocats.fr\\\/#website\",\"url\":\"https:\\\/\\\/www.dana-avocats.fr\\\/\",\"name\":\"DANA Avocats\",\"description\":\"Cabinet d&#039;avocats d\u2019affaires situ\u00e9 \u00e0 Paris\",\"publisher\":{\"@id\":\"https:\\\/\\\/www.dana-avocats.fr\\\/#organization\"},\"potentialAction\":[{\"@type\":\"SearchAction\",\"target\":{\"@type\":\"EntryPoint\",\"urlTemplate\":\"https:\\\/\\\/www.dana-avocats.fr\\\/?s={search_term_string}\"},\"query-input\":{\"@type\":\"PropertyValueSpecification\",\"valueRequired\":true,\"valueName\":\"search_term_string\"}}],\"inLanguage\":\"en-US\"},{\"@type\":\"Organization\",\"@id\":\"https:\\\/\\\/www.dana-avocats.fr\\\/#organization\",\"name\":\"DANA Avocats\",\"url\":\"https:\\\/\\\/www.dana-avocats.fr\\\/\",\"logo\":{\"@type\":\"ImageObject\",\"inLanguage\":\"en-US\",\"@id\":\"https:\\\/\\\/www.dana-avocats.fr\\\/#\\\/schema\\\/logo\\\/image\\\/\",\"url\":\"https:\\\/\\\/www.dana-avocats.fr\\\/wp-content\\\/uploads\\\/2022\\\/12\\\/logo-dana.png\",\"contentUrl\":\"https:\\\/\\\/www.dana-avocats.fr\\\/wp-content\\\/uploads\\\/2022\\\/12\\\/logo-dana.png\",\"width\":250,\"height\":152,\"caption\":\"DANA Avocats\"},\"image\":{\"@id\":\"https:\\\/\\\/www.dana-avocats.fr\\\/#\\\/schema\\\/logo\\\/image\\\/\"}},{\"@type\":\"Person\",\"@id\":\"https:\\\/\\\/www.dana-avocats.fr\\\/#\\\/schema\\\/person\\\/b3531e5f1fd9916616fe5d0780d32db3\",\"name\":\"David Dana\",\"image\":{\"@type\":\"ImageObject\",\"inLanguage\":\"en-US\",\"@id\":\"https:\\\/\\\/secure.gravatar.com\\\/avatar\\\/595bc1af56737d8a6c046bdc76422120745bcca477a1157d8b004f1113261264?s=96&d=mm&r=g\",\"url\":\"https:\\\/\\\/secure.gravatar.com\\\/avatar\\\/595bc1af56737d8a6c046bdc76422120745bcca477a1157d8b004f1113261264?s=96&d=mm&r=g\",\"contentUrl\":\"https:\\\/\\\/secure.gravatar.com\\\/avatar\\\/595bc1af56737d8a6c046bdc76422120745bcca477a1157d8b004f1113261264?s=96&d=mm&r=g\",\"caption\":\"David Dana\"},\"url\":\"https:\\\/\\\/www.dana-avocats.fr\\\/en\\\/author\\\/editeur\\\/\"}]}<\/script>\n<!-- \/ Yoast SEO plugin. -->","yoast_head_json":{"title":"Pr\u00eats en francs suisses: la justice fran\u00e7aise donne raison aux frontaliers - 20 minutes - 22 juillet 2025 - DANA Avocats","robots":{"index":"index","follow":"follow","max-snippet":"max-snippet:-1","max-image-preview":"max-image-preview:large","max-video-preview":"max-video-preview:-1"},"canonical":"https:\/\/www.dana-avocats.fr\/en\/prets-en-francs-suisses-la-justice-francaise-donne-raison-aux-frontaliers-20-minutes\/","og_locale":"en_US","og_type":"article","og_title":"Pr\u00eats en francs suisses: la justice fran\u00e7aise donne raison aux frontaliers - 20 minutes - 22 juillet 2025 - DANA Avocats","og_description":"Pr\u00eats en francs suisses: la justice fran\u00e7aise donne raison aux frontaliers &#8211; 20 minutes La plus haute Cour du pays admet que des pr\u00eats en francs suisses ont l\u00e9s\u00e9 des propri\u00e9taires. Ceux-ci ont d\u00e9sormais toutes les chances de r\u00e9cup\u00e9rer un pactole. par J\u00e9r\u00f4me Faas \u00a0 Extraits La possibilit\u00e9 de r\u00e9cup\u00e9rer un pactole se rapproche pour ... Read more","og_url":"https:\/\/www.dana-avocats.fr\/en\/prets-en-francs-suisses-la-justice-francaise-donne-raison-aux-frontaliers-20-minutes\/","og_site_name":"DANA Avocats","article_published_time":"2025-07-27T11:21:55+00:00","article_modified_time":"2025-07-27T11:46:41+00:00","og_image":[{"width":2560,"height":1129,"url":"https:\/\/www.dana-avocats.fr\/wp-content\/uploads\/2025\/07\/AdobeStock_492376524-scaled.jpeg","type":"image\/jpeg"}],"author":"David Dana","twitter_card":"summary_large_image","twitter_misc":{"Written by":"David Dana","Est. reading time":"3 minutes"},"schema":{"@context":"https:\/\/schema.org","@graph":[{"@type":"Article","@id":"https:\/\/www.dana-avocats.fr\/prets-en-francs-suisses-la-justice-francaise-donne-raison-aux-frontaliers-20-minutes\/#article","isPartOf":{"@id":"https:\/\/www.dana-avocats.fr\/prets-en-francs-suisses-la-justice-francaise-donne-raison-aux-frontaliers-20-minutes\/"},"author":{"name":"David Dana","@id":"https:\/\/www.dana-avocats.fr\/#\/schema\/person\/b3531e5f1fd9916616fe5d0780d32db3"},"headline":"Pr\u00eats en francs suisses: la justice fran\u00e7aise donne raison aux frontaliers &#8211; 20 minutes &#8211; 22 juillet 2025","datePublished":"2025-07-27T11:21:55+00:00","dateModified":"2025-07-27T11:46:41+00:00","mainEntityOfPage":{"@id":"https:\/\/www.dana-avocats.fr\/prets-en-francs-suisses-la-justice-francaise-donne-raison-aux-frontaliers-20-minutes\/"},"wordCount":413,"commentCount":0,"publisher":{"@id":"https:\/\/www.dana-avocats.fr\/#organization"},"image":{"@id":"https:\/\/www.dana-avocats.fr\/prets-en-francs-suisses-la-justice-francaise-donne-raison-aux-frontaliers-20-minutes\/#primaryimage"},"thumbnailUrl":"https:\/\/www.dana-avocats.fr\/wp-content\/uploads\/2025\/07\/AdobeStock_492376524-scaled.jpeg","inLanguage":"en-US","potentialAction":[{"@type":"CommentAction","name":"Comment","target":["https:\/\/www.dana-avocats.fr\/prets-en-francs-suisses-la-justice-francaise-donne-raison-aux-frontaliers-20-minutes\/#respond"]}]},{"@type":"WebPage","@id":"https:\/\/www.dana-avocats.fr\/prets-en-francs-suisses-la-justice-francaise-donne-raison-aux-frontaliers-20-minutes\/","url":"https:\/\/www.dana-avocats.fr\/prets-en-francs-suisses-la-justice-francaise-donne-raison-aux-frontaliers-20-minutes\/","name":"Pr\u00eats en francs suisses: la justice fran\u00e7aise donne raison aux frontaliers - 20 minutes - 22 juillet 2025 - DANA Avocats","isPartOf":{"@id":"https:\/\/www.dana-avocats.fr\/#website"},"primaryImageOfPage":{"@id":"https:\/\/www.dana-avocats.fr\/prets-en-francs-suisses-la-justice-francaise-donne-raison-aux-frontaliers-20-minutes\/#primaryimage"},"image":{"@id":"https:\/\/www.dana-avocats.fr\/prets-en-francs-suisses-la-justice-francaise-donne-raison-aux-frontaliers-20-minutes\/#primaryimage"},"thumbnailUrl":"https:\/\/www.dana-avocats.fr\/wp-content\/uploads\/2025\/07\/AdobeStock_492376524-scaled.jpeg","datePublished":"2025-07-27T11:21:55+00:00","dateModified":"2025-07-27T11:46:41+00:00","breadcrumb":{"@id":"https:\/\/www.dana-avocats.fr\/prets-en-francs-suisses-la-justice-francaise-donne-raison-aux-frontaliers-20-minutes\/#breadcrumb"},"inLanguage":"en-US","potentialAction":[{"@type":"ReadAction","target":["https:\/\/www.dana-avocats.fr\/prets-en-francs-suisses-la-justice-francaise-donne-raison-aux-frontaliers-20-minutes\/"]}]},{"@type":"ImageObject","inLanguage":"en-US","@id":"https:\/\/www.dana-avocats.fr\/prets-en-francs-suisses-la-justice-francaise-donne-raison-aux-frontaliers-20-minutes\/#primaryimage","url":"https:\/\/www.dana-avocats.fr\/wp-content\/uploads\/2025\/07\/AdobeStock_492376524-scaled.jpeg","contentUrl":"https:\/\/www.dana-avocats.fr\/wp-content\/uploads\/2025\/07\/AdobeStock_492376524-scaled.jpeg","width":2560,"height":1129,"caption":"Newspapers on the wooden table."},{"@type":"BreadcrumbList","@id":"https:\/\/www.dana-avocats.fr\/prets-en-francs-suisses-la-justice-francaise-donne-raison-aux-frontaliers-20-minutes\/#breadcrumb","itemListElement":[{"@type":"ListItem","position":1,"name":"Accueil","item":"https:\/\/www.dana-avocats.fr\/"},{"@type":"ListItem","position":2,"name":"Pr\u00eats en francs suisses: la justice fran\u00e7aise donne raison aux frontaliers &#8211; 20 minutes &#8211; 22 juillet 2025"}]},{"@type":"WebSite","@id":"https:\/\/www.dana-avocats.fr\/#website","url":"https:\/\/www.dana-avocats.fr\/","name":"DANA Avocats","description":"Cabinet d&#039;avocats d\u2019affaires situ\u00e9 \u00e0 Paris","publisher":{"@id":"https:\/\/www.dana-avocats.fr\/#organization"},"potentialAction":[{"@type":"SearchAction","target":{"@type":"EntryPoint","urlTemplate":"https:\/\/www.dana-avocats.fr\/?s={search_term_string}"},"query-input":{"@type":"PropertyValueSpecification","valueRequired":true,"valueName":"search_term_string"}}],"inLanguage":"en-US"},{"@type":"Organization","@id":"https:\/\/www.dana-avocats.fr\/#organization","name":"DANA Avocats","url":"https:\/\/www.dana-avocats.fr\/","logo":{"@type":"ImageObject","inLanguage":"en-US","@id":"https:\/\/www.dana-avocats.fr\/#\/schema\/logo\/image\/","url":"https:\/\/www.dana-avocats.fr\/wp-content\/uploads\/2022\/12\/logo-dana.png","contentUrl":"https:\/\/www.dana-avocats.fr\/wp-content\/uploads\/2022\/12\/logo-dana.png","width":250,"height":152,"caption":"DANA Avocats"},"image":{"@id":"https:\/\/www.dana-avocats.fr\/#\/schema\/logo\/image\/"}},{"@type":"Person","@id":"https:\/\/www.dana-avocats.fr\/#\/schema\/person\/b3531e5f1fd9916616fe5d0780d32db3","name":"David Dana","image":{"@type":"ImageObject","inLanguage":"en-US","@id":"https:\/\/secure.gravatar.com\/avatar\/595bc1af56737d8a6c046bdc76422120745bcca477a1157d8b004f1113261264?s=96&d=mm&r=g","url":"https:\/\/secure.gravatar.com\/avatar\/595bc1af56737d8a6c046bdc76422120745bcca477a1157d8b004f1113261264?s=96&d=mm&r=g","contentUrl":"https:\/\/secure.gravatar.com\/avatar\/595bc1af56737d8a6c046bdc76422120745bcca477a1157d8b004f1113261264?s=96&d=mm&r=g","caption":"David Dana"},"url":"https:\/\/www.dana-avocats.fr\/en\/author\/editeur\/"}]}},"_links":{"self":[{"href":"https:\/\/www.dana-avocats.fr\/en\/wp-json\/wp\/v2\/posts\/7318","targetHints":{"allow":["GET"]}}],"collection":[{"href":"https:\/\/www.dana-avocats.fr\/en\/wp-json\/wp\/v2\/posts"}],"about":[{"href":"https:\/\/www.dana-avocats.fr\/en\/wp-json\/wp\/v2\/types\/post"}],"author":[{"embeddable":true,"href":"https:\/\/www.dana-avocats.fr\/en\/wp-json\/wp\/v2\/users\/2"}],"replies":[{"embeddable":true,"href":"https:\/\/www.dana-avocats.fr\/en\/wp-json\/wp\/v2\/comments?post=7318"}],"version-history":[{"count":7,"href":"https:\/\/www.dana-avocats.fr\/en\/wp-json\/wp\/v2\/posts\/7318\/revisions"}],"predecessor-version":[{"id":7326,"href":"https:\/\/www.dana-avocats.fr\/en\/wp-json\/wp\/v2\/posts\/7318\/revisions\/7326"}],"wp:featuredmedia":[{"embeddable":true,"href":"https:\/\/www.dana-avocats.fr\/en\/wp-json\/wp\/v2\/media\/7153"}],"wp:attachment":[{"href":"https:\/\/www.dana-avocats.fr\/en\/wp-json\/wp\/v2\/media?parent=7318"}],"wp:term":[{"taxonomy":"category","embeddable":true,"href":"https:\/\/www.dana-avocats.fr\/en\/wp-json\/wp\/v2\/categories?post=7318"},{"taxonomy":"post_tag","embeddable":true,"href":"https:\/\/www.dana-avocats.fr\/en\/wp-json\/wp\/v2\/tags?post=7318"}],"curies":[{"name":"wp","href":"https:\/\/api.w.org\/{rel}","templated":true}]}}