{"id":7305,"date":"2025-07-27T12:36:47","date_gmt":"2025-07-27T10:36:47","guid":{"rendered":"https:\/\/www.dana-avocats.fr\/?p=7305"},"modified":"2025-07-27T12:40:25","modified_gmt":"2025-07-27T10:40:25","slug":"annulation-des-prets-en-francs-suisses-consentis-a-des-emprunteurs-percevant-leurs-revenus-dans-cette-meme-devise-par-le-tribunal-judiciaire-de-mulhouse-le-27-juin-2025","status":"publish","type":"post","link":"https:\/\/www.dana-avocats.fr\/en\/annulation-des-prets-en-francs-suisses-consentis-a-des-emprunteurs-percevant-leurs-revenus-dans-cette-meme-devise-par-le-tribunal-judiciaire-de-mulhouse-le-27-juin-2025\/","title":{"rendered":"Annulation des pr\u00eats en francs suisses consentis \u00e0 des emprunteurs percevant leurs revenus dans cette m\u00eame devise par le tribunal judiciaire de Mulhouse le 27 juin 2025"},"content":{"rendered":"<p><\/p>\n\n\n\n<h2 class=\"wp-block-heading\">\ud83c\udfdb\ufe0f <\/h2>\n\n\n\n<p><strong>Deux victoires majeures contre le Cr\u00e9dit Mutuel<\/strong> : le Tribunal judiciaire de Mulhouse annule deux pr\u00eats en francs suisses au profit de deux m\u00e9nages frontaliers domicili\u00e9s dans le Haut-Rhin et dans l&rsquo;Ain <\/p>\n\n\n\n<p>\ud83d\udcc5 Le 27 juin 2025, le Tribunal judiciaire de Mulhouse a prononc\u00e9 la <strong>nullit\u00e9 de deux pr\u00eats en francs suisses<\/strong> commercialis\u00e9s par le <strong>Cr\u00e9dit Mutuel<\/strong>, au profit de deux m\u00e9nages frontaliers <\/p>\n\n\n\n<p>\ud83d\udd39 <strong>D\u00e9cisions rendues :<\/strong><\/p>\n\n\n\n<p><br>\u2022 TJ Mulhouse, 27 juin 2025, RG n\u00b0\u202f23\/00607<br>\u2022 TJ Mulhouse, 27 juin 2025, RG n\u00b0\u202f23\/00130<\/p>\n\n\n\n<hr class=\"wp-block-separator has-alpha-channel-opacity\"\/>\n\n\n\n<h1 class=\"wp-block-heading\">\ud83d\udcb6 Pourquoi ces pr\u00eats ont-ils \u00e9t\u00e9 annul\u00e9s ?<\/h1>\n\n\n\n<p>Dans ces deux affaires, les juges de Mulhouse ont consid\u00e9r\u00e9 que les clauses relatives au <strong>risque de change<\/strong> \u2013 c\u2019est-\u00e0-dire le risque li\u00e9 aux variations du cours euro\/franc suisse \u2013 <strong>n\u2019\u00e9taient ni claires, ni compr\u00e9hensibles<\/strong>.<\/p>\n\n\n\n<p>Les emprunteurs n\u2019avaient pas \u00e9t\u00e9 suffisamment inform\u00e9s du <strong>fonctionnement concret du m\u00e9canisme de remboursement<\/strong>, ni des <strong>cons\u00e9quences \u00e9conomiques potentielles<\/strong> qu\u2019impliquait un pr\u00eat contract\u00e9 en devise \u00e9trang\u00e8re, alors que leur bien immobilier \u00e9tait situ\u00e9 en France.<\/p>\n\n\n\n<hr class=\"wp-block-separator has-alpha-channel-opacity\"\/>\n\n\n\n<h1 class=\"wp-block-heading\">\u2696\ufe0f Des d\u00e9cisions pr\u00e9curseurs, qui pr\u00e9figuraient le revirement op\u00e9r\u00e9 par la Cour de cassation<\/h1>\n\n\n\n<p>Ces jugements pr\u00e9figuraient le <strong>revirement majeur op\u00e9r\u00e9 par la Cour de cassation le 9 juillet 2025<\/strong>, qui impose une <strong>appr\u00e9ciation dynamique du risque de change<\/strong>, tenant compte non seulement de la situation au jour de la signature du contrat, mais aussi de son \u00e9volution probable pendant toute la dur\u00e9e du pr\u00eat.<\/p>\n\n\n\n<p>\ud83d\udccc En d\u2019autres termes, les tribunaux reconnaissent d\u00e9sormais que m\u00eame un emprunteur percevant des revenus en francs suisses peut \u00eatre expos\u00e9 \u00e0 un <strong>risque r\u00e9el et significatif<\/strong>, si ce pr\u00eat est destin\u00e9 \u00e0 financer un bien situ\u00e9 en zone euro.<\/p>\n\n\n\n<hr class=\"wp-block-separator has-alpha-channel-opacity\"\/>\n\n\n\n<h1 class=\"wp-block-heading\">\ud83d\udce3 Une avanc\u00e9e majeure pour les emprunteurs frontaliers<\/h1>\n\n\n\n<p>Ces deux d\u00e9cisions confirment que les tribunaux judiciaires \u2013<strong> ici celui de Mulhouse<\/strong> \u2013 <strong>prennent d\u00e9sormais pleinement en compte la jurisprudence europ\u00e9enne et celle de la Cour de cassation<\/strong> en mati\u00e8re de pr\u00eats en devises.<\/p>\n\n\n\n<p>\u2705 R\u00e9sultat : les contrats ont \u00e9t\u00e9 annul\u00e9s, et les emprunteurs pourront obtenir le <strong>remboursement de toutes les sommes vers\u00e9es<\/strong>, int\u00e9r\u00eats compris, sous r\u00e9serve de restituer le capital emprunt\u00e9 \u2013 ce qui, dans bien des cas, constitue une <strong>r\u00e9duction consid\u00e9rable de leur dette<\/strong>.<\/p>\n\n\n\n<hr class=\"wp-block-separator has-alpha-channel-opacity\"\/>\n\n\n\n<h1 class=\"wp-block-heading\">\ud83d\udc68\u200d\u2696\ufe0f Vous \u00eates dans une situation similaire ?<\/h1>\n\n\n\n<p>The Firm <strong>DANA Avocats<\/strong> accompagne depuis plus de quinze ans les emprunteurs confront\u00e9s \u00e0 ces pr\u00eats toxiques en francs suisses. Si vous avez contract\u00e9 un pr\u00eat de ce type aupr\u00e8s du <strong>Cr\u00e9dit Mutuel<\/strong>, du <strong>Cr\u00e9dit Agricole<\/strong>, <strong>ou d\u2019une autre banque<\/strong>, n\u2019h\u00e9sitez pas \u00e0 <strong>nous contacter<\/strong> pour une \u00e9tude personnalis\u00e9e de votre situation.<\/p>\n\n\n\n<p>Les personnes qui s\u2019estiment concern\u00e9es peuvent&nbsp;<a href=\"https:\/\/www.dana-avocats.fr\/en\/formulaire-saisie\/\" target=\"_blank\" rel=\"noreferrer noopener\">d\u00e9poser un dossier sur le simulateur<\/a>&nbsp;mis en place par Me David Dana.<\/p>\n\n\n\n<p>\ud83d\udce9 <strong><a>contact@dana-avocats.fr<\/a><\/strong><br>\ud83d\udcde <strong>01 42 15 53 58<\/strong><\/p>\n\n\n\n<p><\/p>","protected":false},"excerpt":{"rendered":"<p>\ud83c\udfdb\ufe0f Deux victoires majeures contre le Cr\u00e9dit Mutuel : le Tribunal judiciaire de Mulhouse annule deux pr\u00eats en francs suisses au profit de deux m\u00e9nages frontaliers domicili\u00e9s dans le Haut-Rhin et dans l&rsquo;Ain \ud83d\udcc5 Le 27 juin 2025, le Tribunal judiciaire de Mulhouse a prononc\u00e9 la nullit\u00e9 de deux pr\u00eats en francs suisses commercialis\u00e9s par &#8230; <a title=\"Annulation des pr\u00eats en francs suisses consentis \u00e0 des emprunteurs percevant leurs revenus dans cette m\u00eame devise par le tribunal judiciaire de Mulhouse le 27 juin 2025\" class=\"read-more\" href=\"https:\/\/www.dana-avocats.fr\/en\/annulation-des-prets-en-francs-suisses-consentis-a-des-emprunteurs-percevant-leurs-revenus-dans-cette-meme-devise-par-le-tribunal-judiciaire-de-mulhouse-le-27-juin-2025\/\" aria-label=\"More on Annulation des pr\u00eats en francs suisses consentis \u00e0 des emprunteurs percevant leurs revenus dans cette m\u00eame devise par le tribunal judiciaire de Mulhouse le 27 juin 2025\">Read more<\/a><\/p>","protected":false},"author":2,"featured_media":6842,"comment_status":"open","ping_status":"open","sticky":false,"template":"","format":"standard","meta":{"footnotes":""},"categories":[12],"tags":[],"class_list":["post-7305","post","type-post","status-publish","format-standard","has-post-thumbnail","hentry","category-annulation-prets-en-chf"],"yoast_head":"<!-- This site is optimized with the Yoast SEO plugin v27.5 - https:\/\/yoast.com\/product\/yoast-seo-wordpress\/ -->\n<title>Annulation des pr\u00eats en francs suisses consentis \u00e0 des emprunteurs percevant leurs revenus dans cette m\u00eame devise par le tribunal judiciaire de Mulhouse le 27 juin 2025 - DANA Avocats<\/title>\n<meta name=\"robots\" content=\"index, follow, max-snippet:-1, max-image-preview:large, max-video-preview:-1\" \/>\n<link rel=\"canonical\" href=\"https:\/\/www.dana-avocats.fr\/en\/annulation-des-prets-en-francs-suisses-consentis-a-des-emprunteurs-percevant-leurs-revenus-dans-cette-meme-devise-par-le-tribunal-judiciaire-de-mulhouse-le-27-juin-2025\/\" \/>\n<meta property=\"og:locale\" content=\"en_US\" \/>\n<meta property=\"og:type\" content=\"article\" \/>\n<meta property=\"og:title\" content=\"Annulation des pr\u00eats en francs suisses consentis \u00e0 des emprunteurs percevant leurs revenus dans cette m\u00eame devise par le tribunal judiciaire de Mulhouse le 27 juin 2025 - DANA Avocats\" \/>\n<meta property=\"og:description\" content=\"\ud83c\udfdb\ufe0f Deux victoires majeures contre le Cr\u00e9dit Mutuel : le Tribunal judiciaire de Mulhouse annule deux pr\u00eats en francs suisses au profit de deux m\u00e9nages frontaliers domicili\u00e9s dans le Haut-Rhin et dans l&rsquo;Ain \ud83d\udcc5 Le 27 juin 2025, le Tribunal judiciaire de Mulhouse a prononc\u00e9 la nullit\u00e9 de deux pr\u00eats en francs suisses commercialis\u00e9s par ... Read more\" \/>\n<meta property=\"og:url\" content=\"https:\/\/www.dana-avocats.fr\/en\/annulation-des-prets-en-francs-suisses-consentis-a-des-emprunteurs-percevant-leurs-revenus-dans-cette-meme-devise-par-le-tribunal-judiciaire-de-mulhouse-le-27-juin-2025\/\" \/>\n<meta property=\"og:site_name\" content=\"DANA Avocats\" \/>\n<meta property=\"article:published_time\" content=\"2025-07-27T10:36:47+00:00\" \/>\n<meta property=\"article:modified_time\" content=\"2025-07-27T10:40:25+00:00\" \/>\n<meta property=\"og:image\" content=\"https:\/\/www.dana-avocats.fr\/wp-content\/uploads\/2025\/03\/AdobeStock_411447841-scaled.jpeg\" \/>\n\t<meta property=\"og:image:width\" content=\"2560\" \/>\n\t<meta property=\"og:image:height\" content=\"1706\" \/>\n\t<meta property=\"og:image:type\" content=\"image\/jpeg\" \/>\n<meta name=\"author\" content=\"David Dana\" \/>\n<meta name=\"twitter:card\" content=\"summary_large_image\" \/>\n<meta name=\"twitter:label1\" content=\"Written by\" \/>\n\t<meta name=\"twitter:data1\" content=\"David Dana\" \/>\n\t<meta name=\"twitter:label2\" content=\"Est. reading time\" \/>\n\t<meta name=\"twitter:data2\" content=\"3 minutes\" \/>\n<script type=\"application\/ld+json\" class=\"yoast-schema-graph\">{\"@context\":\"https:\\\/\\\/schema.org\",\"@graph\":[{\"@type\":\"Article\",\"@id\":\"https:\\\/\\\/www.dana-avocats.fr\\\/annulation-des-prets-en-francs-suisses-consentis-a-des-emprunteurs-percevant-leurs-revenus-dans-cette-meme-devise-par-le-tribunal-judiciaire-de-mulhouse-le-27-juin-2025\\\/#article\",\"isPartOf\":{\"@id\":\"https:\\\/\\\/www.dana-avocats.fr\\\/annulation-des-prets-en-francs-suisses-consentis-a-des-emprunteurs-percevant-leurs-revenus-dans-cette-meme-devise-par-le-tribunal-judiciaire-de-mulhouse-le-27-juin-2025\\\/\"},\"author\":{\"name\":\"David Dana\",\"@id\":\"https:\\\/\\\/www.dana-avocats.fr\\\/#\\\/schema\\\/person\\\/b3531e5f1fd9916616fe5d0780d32db3\"},\"headline\":\"Annulation des pr\u00eats en francs suisses consentis \u00e0 des emprunteurs percevant leurs revenus dans cette m\u00eame devise par le tribunal judiciaire de Mulhouse le 27 juin 2025\",\"datePublished\":\"2025-07-27T10:36:47+00:00\",\"dateModified\":\"2025-07-27T10:40:25+00:00\",\"mainEntityOfPage\":{\"@id\":\"https:\\\/\\\/www.dana-avocats.fr\\\/annulation-des-prets-en-francs-suisses-consentis-a-des-emprunteurs-percevant-leurs-revenus-dans-cette-meme-devise-par-le-tribunal-judiciaire-de-mulhouse-le-27-juin-2025\\\/\"},\"wordCount\":496,\"commentCount\":0,\"publisher\":{\"@id\":\"https:\\\/\\\/www.dana-avocats.fr\\\/#organization\"},\"image\":{\"@id\":\"https:\\\/\\\/www.dana-avocats.fr\\\/annulation-des-prets-en-francs-suisses-consentis-a-des-emprunteurs-percevant-leurs-revenus-dans-cette-meme-devise-par-le-tribunal-judiciaire-de-mulhouse-le-27-juin-2025\\\/#primaryimage\"},\"thumbnailUrl\":\"https:\\\/\\\/www.dana-avocats.fr\\\/wp-content\\\/uploads\\\/2025\\\/03\\\/AdobeStock_411447841-scaled.jpeg\",\"articleSection\":[\"annulation pr\u00eats en CHF\"],\"inLanguage\":\"en-US\",\"potentialAction\":[{\"@type\":\"CommentAction\",\"name\":\"Comment\",\"target\":[\"https:\\\/\\\/www.dana-avocats.fr\\\/annulation-des-prets-en-francs-suisses-consentis-a-des-emprunteurs-percevant-leurs-revenus-dans-cette-meme-devise-par-le-tribunal-judiciaire-de-mulhouse-le-27-juin-2025\\\/#respond\"]}]},{\"@type\":\"WebPage\",\"@id\":\"https:\\\/\\\/www.dana-avocats.fr\\\/annulation-des-prets-en-francs-suisses-consentis-a-des-emprunteurs-percevant-leurs-revenus-dans-cette-meme-devise-par-le-tribunal-judiciaire-de-mulhouse-le-27-juin-2025\\\/\",\"url\":\"https:\\\/\\\/www.dana-avocats.fr\\\/annulation-des-prets-en-francs-suisses-consentis-a-des-emprunteurs-percevant-leurs-revenus-dans-cette-meme-devise-par-le-tribunal-judiciaire-de-mulhouse-le-27-juin-2025\\\/\",\"name\":\"Annulation des pr\u00eats en francs suisses consentis \u00e0 des emprunteurs percevant leurs revenus dans cette m\u00eame devise par le tribunal judiciaire de Mulhouse le 27 juin 2025 - DANA Avocats\",\"isPartOf\":{\"@id\":\"https:\\\/\\\/www.dana-avocats.fr\\\/#website\"},\"primaryImageOfPage\":{\"@id\":\"https:\\\/\\\/www.dana-avocats.fr\\\/annulation-des-prets-en-francs-suisses-consentis-a-des-emprunteurs-percevant-leurs-revenus-dans-cette-meme-devise-par-le-tribunal-judiciaire-de-mulhouse-le-27-juin-2025\\\/#primaryimage\"},\"image\":{\"@id\":\"https:\\\/\\\/www.dana-avocats.fr\\\/annulation-des-prets-en-francs-suisses-consentis-a-des-emprunteurs-percevant-leurs-revenus-dans-cette-meme-devise-par-le-tribunal-judiciaire-de-mulhouse-le-27-juin-2025\\\/#primaryimage\"},\"thumbnailUrl\":\"https:\\\/\\\/www.dana-avocats.fr\\\/wp-content\\\/uploads\\\/2025\\\/03\\\/AdobeStock_411447841-scaled.jpeg\",\"datePublished\":\"2025-07-27T10:36:47+00:00\",\"dateModified\":\"2025-07-27T10:40:25+00:00\",\"breadcrumb\":{\"@id\":\"https:\\\/\\\/www.dana-avocats.fr\\\/annulation-des-prets-en-francs-suisses-consentis-a-des-emprunteurs-percevant-leurs-revenus-dans-cette-meme-devise-par-le-tribunal-judiciaire-de-mulhouse-le-27-juin-2025\\\/#breadcrumb\"},\"inLanguage\":\"en-US\",\"potentialAction\":[{\"@type\":\"ReadAction\",\"target\":[\"https:\\\/\\\/www.dana-avocats.fr\\\/annulation-des-prets-en-francs-suisses-consentis-a-des-emprunteurs-percevant-leurs-revenus-dans-cette-meme-devise-par-le-tribunal-judiciaire-de-mulhouse-le-27-juin-2025\\\/\"]}]},{\"@type\":\"ImageObject\",\"inLanguage\":\"en-US\",\"@id\":\"https:\\\/\\\/www.dana-avocats.fr\\\/annulation-des-prets-en-francs-suisses-consentis-a-des-emprunteurs-percevant-leurs-revenus-dans-cette-meme-devise-par-le-tribunal-judiciaire-de-mulhouse-le-27-juin-2025\\\/#primaryimage\",\"url\":\"https:\\\/\\\/www.dana-avocats.fr\\\/wp-content\\\/uploads\\\/2025\\\/03\\\/AdobeStock_411447841-scaled.jpeg\",\"contentUrl\":\"https:\\\/\\\/www.dana-avocats.fr\\\/wp-content\\\/uploads\\\/2025\\\/03\\\/AdobeStock_411447841-scaled.jpeg\",\"width\":2560,\"height\":1706,\"caption\":\"Red dart target with arrows for target business, marketing solution concept.\"},{\"@type\":\"BreadcrumbList\",\"@id\":\"https:\\\/\\\/www.dana-avocats.fr\\\/annulation-des-prets-en-francs-suisses-consentis-a-des-emprunteurs-percevant-leurs-revenus-dans-cette-meme-devise-par-le-tribunal-judiciaire-de-mulhouse-le-27-juin-2025\\\/#breadcrumb\",\"itemListElement\":[{\"@type\":\"ListItem\",\"position\":1,\"name\":\"Accueil\",\"item\":\"https:\\\/\\\/www.dana-avocats.fr\\\/\"},{\"@type\":\"ListItem\",\"position\":2,\"name\":\"Annulation des pr\u00eats en francs suisses consentis \u00e0 des emprunteurs percevant leurs revenus dans cette m\u00eame devise par le tribunal judiciaire de Mulhouse le 27 juin 2025\"}]},{\"@type\":\"WebSite\",\"@id\":\"https:\\\/\\\/www.dana-avocats.fr\\\/#website\",\"url\":\"https:\\\/\\\/www.dana-avocats.fr\\\/\",\"name\":\"DANA Avocats\",\"description\":\"Cabinet d&#039;avocats d\u2019affaires situ\u00e9 \u00e0 Paris\",\"publisher\":{\"@id\":\"https:\\\/\\\/www.dana-avocats.fr\\\/#organization\"},\"potentialAction\":[{\"@type\":\"SearchAction\",\"target\":{\"@type\":\"EntryPoint\",\"urlTemplate\":\"https:\\\/\\\/www.dana-avocats.fr\\\/?s={search_term_string}\"},\"query-input\":{\"@type\":\"PropertyValueSpecification\",\"valueRequired\":true,\"valueName\":\"search_term_string\"}}],\"inLanguage\":\"en-US\"},{\"@type\":\"Organization\",\"@id\":\"https:\\\/\\\/www.dana-avocats.fr\\\/#organization\",\"name\":\"DANA Avocats\",\"url\":\"https:\\\/\\\/www.dana-avocats.fr\\\/\",\"logo\":{\"@type\":\"ImageObject\",\"inLanguage\":\"en-US\",\"@id\":\"https:\\\/\\\/www.dana-avocats.fr\\\/#\\\/schema\\\/logo\\\/image\\\/\",\"url\":\"https:\\\/\\\/www.dana-avocats.fr\\\/wp-content\\\/uploads\\\/2022\\\/12\\\/logo-dana.png\",\"contentUrl\":\"https:\\\/\\\/www.dana-avocats.fr\\\/wp-content\\\/uploads\\\/2022\\\/12\\\/logo-dana.png\",\"width\":250,\"height\":152,\"caption\":\"DANA Avocats\"},\"image\":{\"@id\":\"https:\\\/\\\/www.dana-avocats.fr\\\/#\\\/schema\\\/logo\\\/image\\\/\"}},{\"@type\":\"Person\",\"@id\":\"https:\\\/\\\/www.dana-avocats.fr\\\/#\\\/schema\\\/person\\\/b3531e5f1fd9916616fe5d0780d32db3\",\"name\":\"David Dana\",\"image\":{\"@type\":\"ImageObject\",\"inLanguage\":\"en-US\",\"@id\":\"https:\\\/\\\/secure.gravatar.com\\\/avatar\\\/595bc1af56737d8a6c046bdc76422120745bcca477a1157d8b004f1113261264?s=96&d=mm&r=g\",\"url\":\"https:\\\/\\\/secure.gravatar.com\\\/avatar\\\/595bc1af56737d8a6c046bdc76422120745bcca477a1157d8b004f1113261264?s=96&d=mm&r=g\",\"contentUrl\":\"https:\\\/\\\/secure.gravatar.com\\\/avatar\\\/595bc1af56737d8a6c046bdc76422120745bcca477a1157d8b004f1113261264?s=96&d=mm&r=g\",\"caption\":\"David Dana\"},\"url\":\"https:\\\/\\\/www.dana-avocats.fr\\\/en\\\/author\\\/editeur\\\/\"}]}<\/script>\n<!-- \/ Yoast SEO plugin. -->","yoast_head_json":{"title":"Annulation des pr\u00eats en francs suisses consentis \u00e0 des emprunteurs percevant leurs revenus dans cette m\u00eame devise par le tribunal judiciaire de Mulhouse le 27 juin 2025 - DANA Avocats","robots":{"index":"index","follow":"follow","max-snippet":"max-snippet:-1","max-image-preview":"max-image-preview:large","max-video-preview":"max-video-preview:-1"},"canonical":"https:\/\/www.dana-avocats.fr\/en\/annulation-des-prets-en-francs-suisses-consentis-a-des-emprunteurs-percevant-leurs-revenus-dans-cette-meme-devise-par-le-tribunal-judiciaire-de-mulhouse-le-27-juin-2025\/","og_locale":"en_US","og_type":"article","og_title":"Annulation des pr\u00eats en francs suisses consentis \u00e0 des emprunteurs percevant leurs revenus dans cette m\u00eame devise par le tribunal judiciaire de Mulhouse le 27 juin 2025 - DANA Avocats","og_description":"\ud83c\udfdb\ufe0f Deux victoires majeures contre le Cr\u00e9dit Mutuel : le Tribunal judiciaire de Mulhouse annule deux pr\u00eats en francs suisses au profit de deux m\u00e9nages frontaliers domicili\u00e9s dans le Haut-Rhin et dans l&rsquo;Ain \ud83d\udcc5 Le 27 juin 2025, le Tribunal judiciaire de Mulhouse a prononc\u00e9 la nullit\u00e9 de deux pr\u00eats en francs suisses commercialis\u00e9s par ... Read more","og_url":"https:\/\/www.dana-avocats.fr\/en\/annulation-des-prets-en-francs-suisses-consentis-a-des-emprunteurs-percevant-leurs-revenus-dans-cette-meme-devise-par-le-tribunal-judiciaire-de-mulhouse-le-27-juin-2025\/","og_site_name":"DANA Avocats","article_published_time":"2025-07-27T10:36:47+00:00","article_modified_time":"2025-07-27T10:40:25+00:00","og_image":[{"width":2560,"height":1706,"url":"https:\/\/www.dana-avocats.fr\/wp-content\/uploads\/2025\/03\/AdobeStock_411447841-scaled.jpeg","type":"image\/jpeg"}],"author":"David Dana","twitter_card":"summary_large_image","twitter_misc":{"Written by":"David Dana","Est. reading time":"3 minutes"},"schema":{"@context":"https:\/\/schema.org","@graph":[{"@type":"Article","@id":"https:\/\/www.dana-avocats.fr\/annulation-des-prets-en-francs-suisses-consentis-a-des-emprunteurs-percevant-leurs-revenus-dans-cette-meme-devise-par-le-tribunal-judiciaire-de-mulhouse-le-27-juin-2025\/#article","isPartOf":{"@id":"https:\/\/www.dana-avocats.fr\/annulation-des-prets-en-francs-suisses-consentis-a-des-emprunteurs-percevant-leurs-revenus-dans-cette-meme-devise-par-le-tribunal-judiciaire-de-mulhouse-le-27-juin-2025\/"},"author":{"name":"David Dana","@id":"https:\/\/www.dana-avocats.fr\/#\/schema\/person\/b3531e5f1fd9916616fe5d0780d32db3"},"headline":"Annulation des pr\u00eats en francs suisses consentis \u00e0 des emprunteurs percevant leurs revenus dans cette m\u00eame devise par le tribunal judiciaire de Mulhouse le 27 juin 2025","datePublished":"2025-07-27T10:36:47+00:00","dateModified":"2025-07-27T10:40:25+00:00","mainEntityOfPage":{"@id":"https:\/\/www.dana-avocats.fr\/annulation-des-prets-en-francs-suisses-consentis-a-des-emprunteurs-percevant-leurs-revenus-dans-cette-meme-devise-par-le-tribunal-judiciaire-de-mulhouse-le-27-juin-2025\/"},"wordCount":496,"commentCount":0,"publisher":{"@id":"https:\/\/www.dana-avocats.fr\/#organization"},"image":{"@id":"https:\/\/www.dana-avocats.fr\/annulation-des-prets-en-francs-suisses-consentis-a-des-emprunteurs-percevant-leurs-revenus-dans-cette-meme-devise-par-le-tribunal-judiciaire-de-mulhouse-le-27-juin-2025\/#primaryimage"},"thumbnailUrl":"https:\/\/www.dana-avocats.fr\/wp-content\/uploads\/2025\/03\/AdobeStock_411447841-scaled.jpeg","articleSection":["annulation pr\u00eats en CHF"],"inLanguage":"en-US","potentialAction":[{"@type":"CommentAction","name":"Comment","target":["https:\/\/www.dana-avocats.fr\/annulation-des-prets-en-francs-suisses-consentis-a-des-emprunteurs-percevant-leurs-revenus-dans-cette-meme-devise-par-le-tribunal-judiciaire-de-mulhouse-le-27-juin-2025\/#respond"]}]},{"@type":"WebPage","@id":"https:\/\/www.dana-avocats.fr\/annulation-des-prets-en-francs-suisses-consentis-a-des-emprunteurs-percevant-leurs-revenus-dans-cette-meme-devise-par-le-tribunal-judiciaire-de-mulhouse-le-27-juin-2025\/","url":"https:\/\/www.dana-avocats.fr\/annulation-des-prets-en-francs-suisses-consentis-a-des-emprunteurs-percevant-leurs-revenus-dans-cette-meme-devise-par-le-tribunal-judiciaire-de-mulhouse-le-27-juin-2025\/","name":"Annulation des pr\u00eats en francs suisses consentis \u00e0 des emprunteurs percevant leurs revenus dans cette m\u00eame devise par le tribunal judiciaire de Mulhouse le 27 juin 2025 - DANA Avocats","isPartOf":{"@id":"https:\/\/www.dana-avocats.fr\/#website"},"primaryImageOfPage":{"@id":"https:\/\/www.dana-avocats.fr\/annulation-des-prets-en-francs-suisses-consentis-a-des-emprunteurs-percevant-leurs-revenus-dans-cette-meme-devise-par-le-tribunal-judiciaire-de-mulhouse-le-27-juin-2025\/#primaryimage"},"image":{"@id":"https:\/\/www.dana-avocats.fr\/annulation-des-prets-en-francs-suisses-consentis-a-des-emprunteurs-percevant-leurs-revenus-dans-cette-meme-devise-par-le-tribunal-judiciaire-de-mulhouse-le-27-juin-2025\/#primaryimage"},"thumbnailUrl":"https:\/\/www.dana-avocats.fr\/wp-content\/uploads\/2025\/03\/AdobeStock_411447841-scaled.jpeg","datePublished":"2025-07-27T10:36:47+00:00","dateModified":"2025-07-27T10:40:25+00:00","breadcrumb":{"@id":"https:\/\/www.dana-avocats.fr\/annulation-des-prets-en-francs-suisses-consentis-a-des-emprunteurs-percevant-leurs-revenus-dans-cette-meme-devise-par-le-tribunal-judiciaire-de-mulhouse-le-27-juin-2025\/#breadcrumb"},"inLanguage":"en-US","potentialAction":[{"@type":"ReadAction","target":["https:\/\/www.dana-avocats.fr\/annulation-des-prets-en-francs-suisses-consentis-a-des-emprunteurs-percevant-leurs-revenus-dans-cette-meme-devise-par-le-tribunal-judiciaire-de-mulhouse-le-27-juin-2025\/"]}]},{"@type":"ImageObject","inLanguage":"en-US","@id":"https:\/\/www.dana-avocats.fr\/annulation-des-prets-en-francs-suisses-consentis-a-des-emprunteurs-percevant-leurs-revenus-dans-cette-meme-devise-par-le-tribunal-judiciaire-de-mulhouse-le-27-juin-2025\/#primaryimage","url":"https:\/\/www.dana-avocats.fr\/wp-content\/uploads\/2025\/03\/AdobeStock_411447841-scaled.jpeg","contentUrl":"https:\/\/www.dana-avocats.fr\/wp-content\/uploads\/2025\/03\/AdobeStock_411447841-scaled.jpeg","width":2560,"height":1706,"caption":"Red dart target with arrows for target business, marketing solution concept."},{"@type":"BreadcrumbList","@id":"https:\/\/www.dana-avocats.fr\/annulation-des-prets-en-francs-suisses-consentis-a-des-emprunteurs-percevant-leurs-revenus-dans-cette-meme-devise-par-le-tribunal-judiciaire-de-mulhouse-le-27-juin-2025\/#breadcrumb","itemListElement":[{"@type":"ListItem","position":1,"name":"Accueil","item":"https:\/\/www.dana-avocats.fr\/"},{"@type":"ListItem","position":2,"name":"Annulation des pr\u00eats en francs suisses consentis \u00e0 des emprunteurs percevant leurs revenus dans cette m\u00eame devise par le tribunal judiciaire de Mulhouse le 27 juin 2025"}]},{"@type":"WebSite","@id":"https:\/\/www.dana-avocats.fr\/#website","url":"https:\/\/www.dana-avocats.fr\/","name":"DANA Avocats","description":"Cabinet d&#039;avocats d\u2019affaires situ\u00e9 \u00e0 Paris","publisher":{"@id":"https:\/\/www.dana-avocats.fr\/#organization"},"potentialAction":[{"@type":"SearchAction","target":{"@type":"EntryPoint","urlTemplate":"https:\/\/www.dana-avocats.fr\/?s={search_term_string}"},"query-input":{"@type":"PropertyValueSpecification","valueRequired":true,"valueName":"search_term_string"}}],"inLanguage":"en-US"},{"@type":"Organization","@id":"https:\/\/www.dana-avocats.fr\/#organization","name":"DANA Avocats","url":"https:\/\/www.dana-avocats.fr\/","logo":{"@type":"ImageObject","inLanguage":"en-US","@id":"https:\/\/www.dana-avocats.fr\/#\/schema\/logo\/image\/","url":"https:\/\/www.dana-avocats.fr\/wp-content\/uploads\/2022\/12\/logo-dana.png","contentUrl":"https:\/\/www.dana-avocats.fr\/wp-content\/uploads\/2022\/12\/logo-dana.png","width":250,"height":152,"caption":"DANA Avocats"},"image":{"@id":"https:\/\/www.dana-avocats.fr\/#\/schema\/logo\/image\/"}},{"@type":"Person","@id":"https:\/\/www.dana-avocats.fr\/#\/schema\/person\/b3531e5f1fd9916616fe5d0780d32db3","name":"David Dana","image":{"@type":"ImageObject","inLanguage":"en-US","@id":"https:\/\/secure.gravatar.com\/avatar\/595bc1af56737d8a6c046bdc76422120745bcca477a1157d8b004f1113261264?s=96&d=mm&r=g","url":"https:\/\/secure.gravatar.com\/avatar\/595bc1af56737d8a6c046bdc76422120745bcca477a1157d8b004f1113261264?s=96&d=mm&r=g","contentUrl":"https:\/\/secure.gravatar.com\/avatar\/595bc1af56737d8a6c046bdc76422120745bcca477a1157d8b004f1113261264?s=96&d=mm&r=g","caption":"David Dana"},"url":"https:\/\/www.dana-avocats.fr\/en\/author\/editeur\/"}]}},"_links":{"self":[{"href":"https:\/\/www.dana-avocats.fr\/en\/wp-json\/wp\/v2\/posts\/7305","targetHints":{"allow":["GET"]}}],"collection":[{"href":"https:\/\/www.dana-avocats.fr\/en\/wp-json\/wp\/v2\/posts"}],"about":[{"href":"https:\/\/www.dana-avocats.fr\/en\/wp-json\/wp\/v2\/types\/post"}],"author":[{"embeddable":true,"href":"https:\/\/www.dana-avocats.fr\/en\/wp-json\/wp\/v2\/users\/2"}],"replies":[{"embeddable":true,"href":"https:\/\/www.dana-avocats.fr\/en\/wp-json\/wp\/v2\/comments?post=7305"}],"version-history":[{"count":2,"href":"https:\/\/www.dana-avocats.fr\/en\/wp-json\/wp\/v2\/posts\/7305\/revisions"}],"predecessor-version":[{"id":7307,"href":"https:\/\/www.dana-avocats.fr\/en\/wp-json\/wp\/v2\/posts\/7305\/revisions\/7307"}],"wp:featuredmedia":[{"embeddable":true,"href":"https:\/\/www.dana-avocats.fr\/en\/wp-json\/wp\/v2\/media\/6842"}],"wp:attachment":[{"href":"https:\/\/www.dana-avocats.fr\/en\/wp-json\/wp\/v2\/media?parent=7305"}],"wp:term":[{"taxonomy":"category","embeddable":true,"href":"https:\/\/www.dana-avocats.fr\/en\/wp-json\/wp\/v2\/categories?post=7305"},{"taxonomy":"post_tag","embeddable":true,"href":"https:\/\/www.dana-avocats.fr\/en\/wp-json\/wp\/v2\/tags?post=7305"}],"curies":[{"name":"wp","href":"https:\/\/api.w.org\/{rel}","templated":true}]}}