{"id":6052,"date":"2023-10-13T08:47:20","date_gmt":"2023-10-13T08:47:20","guid":{"rendered":"https:\/\/www.dana-avocats.fr\/?p=6052"},"modified":"2023-11-23T11:23:53","modified_gmt":"2023-11-23T11:23:53","slug":"prets-en-francs-suisses-aux-frontaliers","status":"publish","type":"post","link":"https:\/\/www.dana-avocats.fr\/en\/prets-en-francs-suisses-aux-frontaliers\/","title":{"rendered":"Pr\u00eats immobiliers en francs suisses aux frontaliers"},"content":{"rendered":"<p>La Cour de justice de l\u2019Union europ\u00e9enne a r\u00e9cemment pr\u00e9cis\u00e9 la notion de \u00ab consommateur moyen \u00bb dans un arr\u00eat r\u00e9cent relatif aux pr\u00eats en francs suisses (CJUE, 21 septembre 2023, AM et PM c\/ mBank S.A., aff. C\u2011139\/22).<\/p>\n\n\n\n<p>Elle a apport\u00e9 ainsi des r\u00e9ponses attendues concernant l\u2019exp\u00e9rience de l\u2019emprunteur, \u00e0 qui certaines juridictions fran\u00e7aises opposent sa connaissance pr\u00e9sum\u00e9e du risque de change attach\u00e9 \u00e0 un cr\u00e9dit immobilier hypoth\u00e9caire libell\u00e9 en devise \u00e9trang\u00e8re, affect\u00e9 \u00e0 un investissement immobilier libell\u00e9 en euros.La Cour de justice a ainsi rappel\u00e9 que l\u2019architecture des clauses abusives repose sur ce que l&rsquo;on appelle \u00ab le consommateur moyen \u00bb lequel est un \u00ab crit\u00e8re objectif \u00bb.<\/p>\n\n\n\n<p>Elle a retenu que \u00ab La notion de \u00ab consommateur \u00bb, au sens de l\u2019article 2, sous b), de la directive 93\/13, a un caract\u00e8re objectif et est ind\u00e9pendante des connaissances concr\u00e8tes que la personne concern\u00e9e peut avoir ou des informations dont cette personne dispose r\u00e9ellement (voir, en ce sens, arr\u00eat du 21 mars 2019, Pouvin et Dijoux , C\u2011590\/17, EU:C:2019:232, point 24 ainsi que jurisprudence pr\u00e9cit\u00e9e). ( pt. 60 et 61)Il en r\u00e9sulte que \u00ab le respect de l\u2019exigence de transparence doit \u00eatre v\u00e9rifi\u00e9 par rapport au standard objectif du consommateur moyen, normalement inform\u00e9 et raisonnablement attentif et avis\u00e9, auquel ne correspondent, notamment, ni le consommateur moins avis\u00e9 que ce consommateur moyen, ni le consommateur plus avis\u00e9 que ce dernier. <\/p>\n\n\n\n<p>Par ailleurs, il ressort du libell\u00e9 de l\u2019article 2, sous b), de la directive 93\/13 que la protection accord\u00e9e par cette directive d\u00e9pend des fins auxquelles une personne physique agit, \u00e0 savoir celles qui n\u2019entrent pas dans le cadre de l\u2019activit\u00e9 professionnelle de celle-ci, et non pas des connaissances particuli\u00e8res dont cette personne dispose. Cette conception large de la notion de \u00ab consommateur \u00bb permet d\u2019assurer la protection accord\u00e9e par cette directive \u00e0 l\u2019ensemble des personnes physiques se trouvant dans une situation d\u2019inf\u00e9riorit\u00e9 \u00e0 l\u2019\u00e9gard d\u2019un professionnel en ce qui concerne non seulement le niveau d\u2019information, mais \u00e9galement le pouvoir de n\u00e9gociation, situation qui conduit ces personnes physiques \u00e0 adh\u00e9rer aux conditions r\u00e9dig\u00e9es pr\u00e9alablement par ce professionnel, sans pouvoir exercer une quelconque influence sur le contenu de celles-ci (voir, en ce sens, arr\u00eat du 21 mars 2019, Pouvin et Dijoux, C\u2011590\/17, EU:C:2019:232, points 25 et 28). <\/p>\n\n\n\n<p>La notion de consommateur dispose en cons\u00e9quence d&rsquo;une conception \u00ab large \u00bb (point 68).Cet arr\u00eat est important pour les emprunteurs frontaliers, disposant de revenus en francs suisses \u00e0 la date de conclusion du contrat de pr\u00eat en devise. <\/p>\n\n\n\n<p>Ces travailleurs frontaliers suisses sont des consommateurs au sens du droit de l&rsquo;Union europ\u00e9enne et doivent en cons\u00e9quence \u00eatre inform\u00e9s, de mani\u00e8re suffisante et exacte, sur les risques de perte de change auxquels ils sont expos\u00e9s en souscrivant un cr\u00e9dit immobilier en francs suisses, en cas de hausse du franc suisse pendant la dur\u00e9e du contrat, g\u00e9n\u00e9ralement de 25 ans. Le franc suisse s&rsquo;est appr\u00e9ci\u00e9 face \u00e0 l&rsquo;euro depuis le 1er octobre 2017 de 75% environ.<br><\/p>\n\n\n\n<p>Les emprunteurs de cr\u00e9dit immobilier en francs suisses ont donc subi une perte de change, d&rsquo;un montant significatif qui varie selon le cours CHF\/EUR qui a retenu le jour de l&rsquo;acquisition immobili\u00e8re financ\u00e9e, le montant du pr\u00eat, le montant des op\u00e9rations de change, qui peut \u00e9galement varier, selon qu\u2019il s\u2019agit du paiement des \u00e9ch\u00e9ances ou du capital, faiblement ou fortement amorti, de la dur\u00e9e d\u2019amortissement \u00e9coul\u00e9e, voire de sa totalit\u00e9 en cas de pr\u00eat in fine.<\/p>\n\n\n\n<p>Faute d&rsquo;information suffisante, l&#8217;emprunteur n&rsquo;a pas pu \u00e9valuer concr\u00e8tement la perte de change qu&rsquo;il pouvait subir pendant la dur\u00e9e du contrat, laquelle s&rsquo;\u00e9l\u00e8ve parfois \u00e0 plusieurs centaines de milliers d&rsquo;euros, parfois davantage. <\/p>\n\n\n\n<p>La cible vis\u00e9e par les banques, notamment frontali\u00e8res, ayant commercialis\u00e9 des pr\u00eats en francs suisses, telles que le Cr\u00e9dit Mutuel, le Cr\u00e9dit Agricole, la Banque Populaire, la Caisse d&rsquo;Epargne, mais \u00e9galement la BNP, la SG, le CIC, est constitu\u00e9e de m\u00e9nages \u00ab frontaliers \u00bb, r\u00e9sidant en France et dont l\u2019un au moins des membres dispose de revenus d\u2019activit\u00e9 en francs suisses. La d\u00e9cision de la Cour de justice permet \u00e9galement de ne pas distinguer le cas o\u00f9 les deux \u00e9poux ont la qualit\u00e9 d&#8217;emprunteur, celui travaillant en Suisse aurait une connaissance pr\u00e9sum\u00e9e de la dangerosit\u00e9 du pr\u00eat en francs suisses, et l&rsquo;autre pas, la protection contre les clauses abusives devant s&rsquo;appliquer sans distinction aux deux.<\/p>\n\n\n\n<p> Les emprunteurs de pr\u00eats en francs suisses sont \u00e9galement des particuliers n\u2019ayant aucun revenu en francs suisses, par exemple dans le cadre d\u2019un montage d\u2019investissement locatif d\u00e9fiscalisant.<\/p>\n\n\n\n<p>Ils peuvent agir en demandant au tribunal comp\u00e9tent de contr\u00f4ler le caract\u00e8re abusif des clauses du cr\u00e9dit immobilier en francs suisses selon les crit\u00e8res d&rsquo;exigence de transparence pos\u00e9s par la Cour de justice de l&rsquo;Union europ\u00e9enne, appliqu\u00e9s depuis septembre 2022 par la Cour de cassation et les juges du fond qui doivent v\u00e9rifier que les banques ont communiqu\u00e9, avant de conclure le pr\u00eat, aux emprunteurs, une information suffisante et exacte sur le risque de perte de change et son \u00e9valuation chiffr\u00e9e.<\/p>\n\n\n\n<p>A d\u00e9faut d&rsquo;information suffisante, le pr\u00eat en francs suisses peut \u00eatre jug\u00e9 abusif. Dans ce cas, l&#8217;emprunteur devra restituer \u00e0 la banque le capital emprunt\u00e9 en euros, dont sera d\u00e9duit l&rsquo;ensemble des sommes vers\u00e9es par lui, en francs suisses, converties en euros au taux de change du jour du paiement, en ce inclus les int\u00e9r\u00eats et les pertes de change.Le pr\u00eat sera an\u00e9anti r\u00e9troactivement et l&rsquo;\u00e9conomie r\u00e9alis\u00e9e par l&#8217;emprunteur peut se r\u00e9v\u00e9ler \u00eatre significative.<\/p>\n\n\n\n<p> La premi\u00e8re consultation est gratuite.<\/p>\n\n\n\n<p><\/p>","protected":false},"excerpt":{"rendered":"<p>La Cour de justice de l\u2019Union europ\u00e9enne a r\u00e9cemment pr\u00e9cis\u00e9 la notion de \u00ab consommateur moyen \u00bb dans un arr\u00eat r\u00e9cent relatif aux pr\u00eats en francs suisses (CJUE, 21 septembre 2023, AM et PM c\/ mBank S.A., aff. C\u2011139\/22). Elle a apport\u00e9 ainsi des r\u00e9ponses attendues concernant l\u2019exp\u00e9rience de l\u2019emprunteur, \u00e0 qui certaines juridictions fran\u00e7aises &#8230; <a title=\"Pr\u00eats immobiliers en francs suisses aux frontaliers\" class=\"read-more\" href=\"https:\/\/www.dana-avocats.fr\/en\/prets-en-francs-suisses-aux-frontaliers\/\" aria-label=\"More on Pr\u00eats immobiliers en francs suisses aux frontaliers\">Read more<\/a><\/p>","protected":false},"author":2,"featured_media":5960,"comment_status":"open","ping_status":"open","sticky":true,"template":"","format":"standard","meta":{"footnotes":""},"categories":[6],"tags":[7],"class_list":["post-6052","post","type-post","status-publish","format-standard","has-post-thumbnail","hentry","category-francs-suisses","tag-prets-en-francs-suisses-avocats-prets-en-francs-suisses-prets-en-chf-credit-immobilier-en-francs-suisses-perte-de-change"],"yoast_head":"<!-- This site is optimized with the Yoast SEO plugin v27.5 - https:\/\/yoast.com\/product\/yoast-seo-wordpress\/ -->\n<title>Pr\u00eats immobiliers en francs suisses aux frontaliers - DANA Avocats<\/title>\n<meta name=\"robots\" content=\"index, follow, max-snippet:-1, max-image-preview:large, max-video-preview:-1\" \/>\n<link rel=\"canonical\" href=\"https:\/\/www.dana-avocats.fr\/en\/prets-en-francs-suisses-aux-frontaliers\/\" \/>\n<meta property=\"og:locale\" content=\"en_US\" \/>\n<meta property=\"og:type\" content=\"article\" \/>\n<meta property=\"og:title\" content=\"Pr\u00eats immobiliers en francs suisses aux frontaliers - DANA Avocats\" \/>\n<meta property=\"og:description\" content=\"La Cour de justice de l\u2019Union europ\u00e9enne a r\u00e9cemment pr\u00e9cis\u00e9 la notion de \u00ab consommateur moyen \u00bb dans un arr\u00eat r\u00e9cent relatif aux pr\u00eats en francs suisses (CJUE, 21 septembre 2023, AM et PM c\/ mBank S.A., aff. C\u2011139\/22). Elle a apport\u00e9 ainsi des r\u00e9ponses attendues concernant l\u2019exp\u00e9rience de l\u2019emprunteur, \u00e0 qui certaines juridictions fran\u00e7aises ... Read more\" \/>\n<meta property=\"og:url\" content=\"https:\/\/www.dana-avocats.fr\/en\/prets-en-francs-suisses-aux-frontaliers\/\" \/>\n<meta property=\"og:site_name\" content=\"DANA Avocats\" \/>\n<meta property=\"article:published_time\" content=\"2023-10-13T08:47:20+00:00\" \/>\n<meta property=\"article:modified_time\" content=\"2023-11-23T11:23:53+00:00\" \/>\n<meta property=\"og:image\" content=\"https:\/\/www.dana-avocats.fr\/wp-content\/uploads\/2017\/02\/AdobeStock_430419554_Editorial_Use_Only-1-1.jpeg\" \/>\n\t<meta property=\"og:image:width\" content=\"1920\" \/>\n\t<meta property=\"og:image:height\" content=\"1281\" \/>\n\t<meta property=\"og:image:type\" content=\"image\/jpeg\" \/>\n<meta name=\"author\" content=\"David Dana\" \/>\n<meta name=\"twitter:card\" content=\"summary_large_image\" \/>\n<meta name=\"twitter:label1\" content=\"Written by\" \/>\n\t<meta name=\"twitter:data1\" content=\"David Dana\" \/>\n\t<meta name=\"twitter:label2\" content=\"Est. reading time\" \/>\n\t<meta name=\"twitter:data2\" content=\"4 minutes\" \/>\n<script type=\"application\/ld+json\" class=\"yoast-schema-graph\">{\"@context\":\"https:\\\/\\\/schema.org\",\"@graph\":[{\"@type\":\"Article\",\"@id\":\"https:\\\/\\\/www.dana-avocats.fr\\\/prets-en-francs-suisses-aux-frontaliers\\\/#article\",\"isPartOf\":{\"@id\":\"https:\\\/\\\/www.dana-avocats.fr\\\/prets-en-francs-suisses-aux-frontaliers\\\/\"},\"author\":{\"name\":\"David Dana\",\"@id\":\"https:\\\/\\\/www.dana-avocats.fr\\\/#\\\/schema\\\/person\\\/b3531e5f1fd9916616fe5d0780d32db3\"},\"headline\":\"Pr\u00eats immobiliers en francs suisses aux frontaliers\",\"datePublished\":\"2023-10-13T08:47:20+00:00\",\"dateModified\":\"2023-11-23T11:23:53+00:00\",\"mainEntityOfPage\":{\"@id\":\"https:\\\/\\\/www.dana-avocats.fr\\\/prets-en-francs-suisses-aux-frontaliers\\\/\"},\"wordCount\":1015,\"commentCount\":0,\"publisher\":{\"@id\":\"https:\\\/\\\/www.dana-avocats.fr\\\/#organization\"},\"image\":{\"@id\":\"https:\\\/\\\/www.dana-avocats.fr\\\/prets-en-francs-suisses-aux-frontaliers\\\/#primaryimage\"},\"thumbnailUrl\":\"https:\\\/\\\/www.dana-avocats.fr\\\/wp-content\\\/uploads\\\/2017\\\/02\\\/AdobeStock_430419554_Editorial_Use_Only-1-1.jpeg\",\"keywords\":[\"Pr\u00eats en francs suisses - Avocats pr\u00eats en francs suisses - Pr\u00eats en CHF - Cr\u00e9dit immobilier en francs suisses perte de change\"],\"articleSection\":[\"Francs suisses\"],\"inLanguage\":\"en-US\",\"potentialAction\":[{\"@type\":\"CommentAction\",\"name\":\"Comment\",\"target\":[\"https:\\\/\\\/www.dana-avocats.fr\\\/prets-en-francs-suisses-aux-frontaliers\\\/#respond\"]}]},{\"@type\":\"WebPage\",\"@id\":\"https:\\\/\\\/www.dana-avocats.fr\\\/prets-en-francs-suisses-aux-frontaliers\\\/\",\"url\":\"https:\\\/\\\/www.dana-avocats.fr\\\/prets-en-francs-suisses-aux-frontaliers\\\/\",\"name\":\"Pr\u00eats immobiliers en francs suisses aux frontaliers - DANA Avocats\",\"isPartOf\":{\"@id\":\"https:\\\/\\\/www.dana-avocats.fr\\\/#website\"},\"primaryImageOfPage\":{\"@id\":\"https:\\\/\\\/www.dana-avocats.fr\\\/prets-en-francs-suisses-aux-frontaliers\\\/#primaryimage\"},\"image\":{\"@id\":\"https:\\\/\\\/www.dana-avocats.fr\\\/prets-en-francs-suisses-aux-frontaliers\\\/#primaryimage\"},\"thumbnailUrl\":\"https:\\\/\\\/www.dana-avocats.fr\\\/wp-content\\\/uploads\\\/2017\\\/02\\\/AdobeStock_430419554_Editorial_Use_Only-1-1.jpeg\",\"datePublished\":\"2023-10-13T08:47:20+00:00\",\"dateModified\":\"2023-11-23T11:23:53+00:00\",\"breadcrumb\":{\"@id\":\"https:\\\/\\\/www.dana-avocats.fr\\\/prets-en-francs-suisses-aux-frontaliers\\\/#breadcrumb\"},\"inLanguage\":\"en-US\",\"potentialAction\":[{\"@type\":\"ReadAction\",\"target\":[\"https:\\\/\\\/www.dana-avocats.fr\\\/prets-en-francs-suisses-aux-frontaliers\\\/\"]}]},{\"@type\":\"ImageObject\",\"inLanguage\":\"en-US\",\"@id\":\"https:\\\/\\\/www.dana-avocats.fr\\\/prets-en-francs-suisses-aux-frontaliers\\\/#primaryimage\",\"url\":\"https:\\\/\\\/www.dana-avocats.fr\\\/wp-content\\\/uploads\\\/2017\\\/02\\\/AdobeStock_430419554_Editorial_Use_Only-1-1.jpeg\",\"contentUrl\":\"https:\\\/\\\/www.dana-avocats.fr\\\/wp-content\\\/uploads\\\/2017\\\/02\\\/AdobeStock_430419554_Editorial_Use_Only-1-1.jpeg\",\"width\":1920,\"height\":1281,\"caption\":\"Luxembourg \\\/ Luxembourg - Oktober 3, 2014: The European Court of Justice on Kirchberg Plateau\"},{\"@type\":\"BreadcrumbList\",\"@id\":\"https:\\\/\\\/www.dana-avocats.fr\\\/prets-en-francs-suisses-aux-frontaliers\\\/#breadcrumb\",\"itemListElement\":[{\"@type\":\"ListItem\",\"position\":1,\"name\":\"Accueil\",\"item\":\"https:\\\/\\\/www.dana-avocats.fr\\\/\"},{\"@type\":\"ListItem\",\"position\":2,\"name\":\"Pr\u00eats immobiliers en francs suisses aux frontaliers\"}]},{\"@type\":\"WebSite\",\"@id\":\"https:\\\/\\\/www.dana-avocats.fr\\\/#website\",\"url\":\"https:\\\/\\\/www.dana-avocats.fr\\\/\",\"name\":\"DANA Avocats\",\"description\":\"Cabinet d&#039;avocats d\u2019affaires situ\u00e9 \u00e0 Paris\",\"publisher\":{\"@id\":\"https:\\\/\\\/www.dana-avocats.fr\\\/#organization\"},\"potentialAction\":[{\"@type\":\"SearchAction\",\"target\":{\"@type\":\"EntryPoint\",\"urlTemplate\":\"https:\\\/\\\/www.dana-avocats.fr\\\/?s={search_term_string}\"},\"query-input\":{\"@type\":\"PropertyValueSpecification\",\"valueRequired\":true,\"valueName\":\"search_term_string\"}}],\"inLanguage\":\"en-US\"},{\"@type\":\"Organization\",\"@id\":\"https:\\\/\\\/www.dana-avocats.fr\\\/#organization\",\"name\":\"DANA Avocats\",\"url\":\"https:\\\/\\\/www.dana-avocats.fr\\\/\",\"logo\":{\"@type\":\"ImageObject\",\"inLanguage\":\"en-US\",\"@id\":\"https:\\\/\\\/www.dana-avocats.fr\\\/#\\\/schema\\\/logo\\\/image\\\/\",\"url\":\"https:\\\/\\\/www.dana-avocats.fr\\\/wp-content\\\/uploads\\\/2022\\\/12\\\/logo-dana.png\",\"contentUrl\":\"https:\\\/\\\/www.dana-avocats.fr\\\/wp-content\\\/uploads\\\/2022\\\/12\\\/logo-dana.png\",\"width\":250,\"height\":152,\"caption\":\"DANA Avocats\"},\"image\":{\"@id\":\"https:\\\/\\\/www.dana-avocats.fr\\\/#\\\/schema\\\/logo\\\/image\\\/\"}},{\"@type\":\"Person\",\"@id\":\"https:\\\/\\\/www.dana-avocats.fr\\\/#\\\/schema\\\/person\\\/b3531e5f1fd9916616fe5d0780d32db3\",\"name\":\"David Dana\",\"image\":{\"@type\":\"ImageObject\",\"inLanguage\":\"en-US\",\"@id\":\"https:\\\/\\\/secure.gravatar.com\\\/avatar\\\/595bc1af56737d8a6c046bdc76422120745bcca477a1157d8b004f1113261264?s=96&d=mm&r=g\",\"url\":\"https:\\\/\\\/secure.gravatar.com\\\/avatar\\\/595bc1af56737d8a6c046bdc76422120745bcca477a1157d8b004f1113261264?s=96&d=mm&r=g\",\"contentUrl\":\"https:\\\/\\\/secure.gravatar.com\\\/avatar\\\/595bc1af56737d8a6c046bdc76422120745bcca477a1157d8b004f1113261264?s=96&d=mm&r=g\",\"caption\":\"David Dana\"},\"url\":\"https:\\\/\\\/www.dana-avocats.fr\\\/en\\\/author\\\/editeur\\\/\"}]}<\/script>\n<!-- \/ Yoast SEO plugin. -->","yoast_head_json":{"title":"Pr\u00eats immobiliers en francs suisses aux frontaliers - DANA Avocats","robots":{"index":"index","follow":"follow","max-snippet":"max-snippet:-1","max-image-preview":"max-image-preview:large","max-video-preview":"max-video-preview:-1"},"canonical":"https:\/\/www.dana-avocats.fr\/en\/prets-en-francs-suisses-aux-frontaliers\/","og_locale":"en_US","og_type":"article","og_title":"Pr\u00eats immobiliers en francs suisses aux frontaliers - DANA Avocats","og_description":"La Cour de justice de l\u2019Union europ\u00e9enne a r\u00e9cemment pr\u00e9cis\u00e9 la notion de \u00ab consommateur moyen \u00bb dans un arr\u00eat r\u00e9cent relatif aux pr\u00eats en francs suisses (CJUE, 21 septembre 2023, AM et PM c\/ mBank S.A., aff. C\u2011139\/22). Elle a apport\u00e9 ainsi des r\u00e9ponses attendues concernant l\u2019exp\u00e9rience de l\u2019emprunteur, \u00e0 qui certaines juridictions fran\u00e7aises ... Read more","og_url":"https:\/\/www.dana-avocats.fr\/en\/prets-en-francs-suisses-aux-frontaliers\/","og_site_name":"DANA Avocats","article_published_time":"2023-10-13T08:47:20+00:00","article_modified_time":"2023-11-23T11:23:53+00:00","og_image":[{"width":1920,"height":1281,"url":"https:\/\/www.dana-avocats.fr\/wp-content\/uploads\/2017\/02\/AdobeStock_430419554_Editorial_Use_Only-1-1.jpeg","type":"image\/jpeg"}],"author":"David Dana","twitter_card":"summary_large_image","twitter_misc":{"Written by":"David Dana","Est. reading time":"4 minutes"},"schema":{"@context":"https:\/\/schema.org","@graph":[{"@type":"Article","@id":"https:\/\/www.dana-avocats.fr\/prets-en-francs-suisses-aux-frontaliers\/#article","isPartOf":{"@id":"https:\/\/www.dana-avocats.fr\/prets-en-francs-suisses-aux-frontaliers\/"},"author":{"name":"David Dana","@id":"https:\/\/www.dana-avocats.fr\/#\/schema\/person\/b3531e5f1fd9916616fe5d0780d32db3"},"headline":"Pr\u00eats immobiliers en francs suisses aux frontaliers","datePublished":"2023-10-13T08:47:20+00:00","dateModified":"2023-11-23T11:23:53+00:00","mainEntityOfPage":{"@id":"https:\/\/www.dana-avocats.fr\/prets-en-francs-suisses-aux-frontaliers\/"},"wordCount":1015,"commentCount":0,"publisher":{"@id":"https:\/\/www.dana-avocats.fr\/#organization"},"image":{"@id":"https:\/\/www.dana-avocats.fr\/prets-en-francs-suisses-aux-frontaliers\/#primaryimage"},"thumbnailUrl":"https:\/\/www.dana-avocats.fr\/wp-content\/uploads\/2017\/02\/AdobeStock_430419554_Editorial_Use_Only-1-1.jpeg","keywords":["Pr\u00eats en francs suisses - Avocats pr\u00eats en francs suisses - Pr\u00eats en CHF - Cr\u00e9dit immobilier en francs suisses perte de change"],"articleSection":["Francs suisses"],"inLanguage":"en-US","potentialAction":[{"@type":"CommentAction","name":"Comment","target":["https:\/\/www.dana-avocats.fr\/prets-en-francs-suisses-aux-frontaliers\/#respond"]}]},{"@type":"WebPage","@id":"https:\/\/www.dana-avocats.fr\/prets-en-francs-suisses-aux-frontaliers\/","url":"https:\/\/www.dana-avocats.fr\/prets-en-francs-suisses-aux-frontaliers\/","name":"Pr\u00eats immobiliers en francs suisses aux frontaliers - DANA Avocats","isPartOf":{"@id":"https:\/\/www.dana-avocats.fr\/#website"},"primaryImageOfPage":{"@id":"https:\/\/www.dana-avocats.fr\/prets-en-francs-suisses-aux-frontaliers\/#primaryimage"},"image":{"@id":"https:\/\/www.dana-avocats.fr\/prets-en-francs-suisses-aux-frontaliers\/#primaryimage"},"thumbnailUrl":"https:\/\/www.dana-avocats.fr\/wp-content\/uploads\/2017\/02\/AdobeStock_430419554_Editorial_Use_Only-1-1.jpeg","datePublished":"2023-10-13T08:47:20+00:00","dateModified":"2023-11-23T11:23:53+00:00","breadcrumb":{"@id":"https:\/\/www.dana-avocats.fr\/prets-en-francs-suisses-aux-frontaliers\/#breadcrumb"},"inLanguage":"en-US","potentialAction":[{"@type":"ReadAction","target":["https:\/\/www.dana-avocats.fr\/prets-en-francs-suisses-aux-frontaliers\/"]}]},{"@type":"ImageObject","inLanguage":"en-US","@id":"https:\/\/www.dana-avocats.fr\/prets-en-francs-suisses-aux-frontaliers\/#primaryimage","url":"https:\/\/www.dana-avocats.fr\/wp-content\/uploads\/2017\/02\/AdobeStock_430419554_Editorial_Use_Only-1-1.jpeg","contentUrl":"https:\/\/www.dana-avocats.fr\/wp-content\/uploads\/2017\/02\/AdobeStock_430419554_Editorial_Use_Only-1-1.jpeg","width":1920,"height":1281,"caption":"Luxembourg \/ Luxembourg - Oktober 3, 2014: The European Court of Justice on Kirchberg Plateau"},{"@type":"BreadcrumbList","@id":"https:\/\/www.dana-avocats.fr\/prets-en-francs-suisses-aux-frontaliers\/#breadcrumb","itemListElement":[{"@type":"ListItem","position":1,"name":"Accueil","item":"https:\/\/www.dana-avocats.fr\/"},{"@type":"ListItem","position":2,"name":"Pr\u00eats immobiliers en francs suisses aux frontaliers"}]},{"@type":"WebSite","@id":"https:\/\/www.dana-avocats.fr\/#website","url":"https:\/\/www.dana-avocats.fr\/","name":"DANA Avocats","description":"Cabinet d&#039;avocats d\u2019affaires situ\u00e9 \u00e0 Paris","publisher":{"@id":"https:\/\/www.dana-avocats.fr\/#organization"},"potentialAction":[{"@type":"SearchAction","target":{"@type":"EntryPoint","urlTemplate":"https:\/\/www.dana-avocats.fr\/?s={search_term_string}"},"query-input":{"@type":"PropertyValueSpecification","valueRequired":true,"valueName":"search_term_string"}}],"inLanguage":"en-US"},{"@type":"Organization","@id":"https:\/\/www.dana-avocats.fr\/#organization","name":"DANA Avocats","url":"https:\/\/www.dana-avocats.fr\/","logo":{"@type":"ImageObject","inLanguage":"en-US","@id":"https:\/\/www.dana-avocats.fr\/#\/schema\/logo\/image\/","url":"https:\/\/www.dana-avocats.fr\/wp-content\/uploads\/2022\/12\/logo-dana.png","contentUrl":"https:\/\/www.dana-avocats.fr\/wp-content\/uploads\/2022\/12\/logo-dana.png","width":250,"height":152,"caption":"DANA Avocats"},"image":{"@id":"https:\/\/www.dana-avocats.fr\/#\/schema\/logo\/image\/"}},{"@type":"Person","@id":"https:\/\/www.dana-avocats.fr\/#\/schema\/person\/b3531e5f1fd9916616fe5d0780d32db3","name":"David Dana","image":{"@type":"ImageObject","inLanguage":"en-US","@id":"https:\/\/secure.gravatar.com\/avatar\/595bc1af56737d8a6c046bdc76422120745bcca477a1157d8b004f1113261264?s=96&d=mm&r=g","url":"https:\/\/secure.gravatar.com\/avatar\/595bc1af56737d8a6c046bdc76422120745bcca477a1157d8b004f1113261264?s=96&d=mm&r=g","contentUrl":"https:\/\/secure.gravatar.com\/avatar\/595bc1af56737d8a6c046bdc76422120745bcca477a1157d8b004f1113261264?s=96&d=mm&r=g","caption":"David Dana"},"url":"https:\/\/www.dana-avocats.fr\/en\/author\/editeur\/"}]}},"_links":{"self":[{"href":"https:\/\/www.dana-avocats.fr\/en\/wp-json\/wp\/v2\/posts\/6052","targetHints":{"allow":["GET"]}}],"collection":[{"href":"https:\/\/www.dana-avocats.fr\/en\/wp-json\/wp\/v2\/posts"}],"about":[{"href":"https:\/\/www.dana-avocats.fr\/en\/wp-json\/wp\/v2\/types\/post"}],"author":[{"embeddable":true,"href":"https:\/\/www.dana-avocats.fr\/en\/wp-json\/wp\/v2\/users\/2"}],"replies":[{"embeddable":true,"href":"https:\/\/www.dana-avocats.fr\/en\/wp-json\/wp\/v2\/comments?post=6052"}],"version-history":[{"count":3,"href":"https:\/\/www.dana-avocats.fr\/en\/wp-json\/wp\/v2\/posts\/6052\/revisions"}],"predecessor-version":[{"id":6078,"href":"https:\/\/www.dana-avocats.fr\/en\/wp-json\/wp\/v2\/posts\/6052\/revisions\/6078"}],"wp:featuredmedia":[{"embeddable":true,"href":"https:\/\/www.dana-avocats.fr\/en\/wp-json\/wp\/v2\/media\/5960"}],"wp:attachment":[{"href":"https:\/\/www.dana-avocats.fr\/en\/wp-json\/wp\/v2\/media?parent=6052"}],"wp:term":[{"taxonomy":"category","embeddable":true,"href":"https:\/\/www.dana-avocats.fr\/en\/wp-json\/wp\/v2\/categories?post=6052"},{"taxonomy":"post_tag","embeddable":true,"href":"https:\/\/www.dana-avocats.fr\/en\/wp-json\/wp\/v2\/tags?post=6052"}],"curies":[{"name":"wp","href":"https:\/\/api.w.org\/{rel}","templated":true}]}}